{"id":4576,"date":"2025-12-20T11:44:54","date_gmt":"2025-12-20T11:44:54","guid":{"rendered":"https:\/\/www.sigortabirimi.com\/?p=4576"},"modified":"2025-12-20T12:31:55","modified_gmt":"2025-12-20T12:31:55","slug":"afad-bunyesi-ozelinde-2025","status":"publish","type":"post","link":"https:\/\/www.sigortabirimi.com\/?p=4576","title":{"rendered":"AFAD B\u00fcnyesi \u00d6zelinde 2025"},"content":{"rendered":"\n<h3 class=\"wp-block-heading\"><strong>Y\u0131l Sonu Tamamlay\u0131c\u0131 Sa\u011fl\u0131k Sigortas\u0131 Kampanyas\u0131<\/strong><\/h3>\n\n\n\n<p class=\"wp-block-paragraph\"><strong><a href=\"https:\/\/www.afad.gov.tr\/\" target=\"_blank\" rel=\"noopener\">AFAD (Afet ve Acil Durum Y\u00f6netimi Ba\u015fkanl\u0131\u011f\u0131)<\/a><\/strong> b\u00fcnyesinde g\u00f6rev yapan personel ve ailelerine \u00f6zel olarak haz\u0131rlanan <strong><a href=\"https:\/\/www.sigortabirimi.com\/hizmetler\/tamamlayici-saglik-sigortasi-tss\/\">Tamamlay\u0131c\u0131 Sa\u011fl\u0131k Sigortas\u0131 <\/a>y\u0131l sonu kampanyas\u0131<\/strong> kapsam\u0131nda fiyatlar sabitlenmi\u015f olup, artan sa\u011fl\u0131k giderlerine kar\u015f\u0131 avantajl\u0131 ve g\u00fcvenli bir \u00e7\u00f6z\u00fcm sunulmaktad\u0131r. Bu \u00f6zel kampanya, AFAD personeli ve aile bireyleri i\u00e7in geni\u015f ya\u015f aral\u0131\u011f\u0131nda ekonomik, eri\u015filebilir ve kapsaml\u0131 bir sa\u011fl\u0131k g\u00fcvencesi sa\u011flamay\u0131 ama\u00e7lamaktad\u0131r.<\/p>\n\n\n\n<h3 class=\"wp-block-heading\"><strong>Teminat Kapsam\u0131<\/strong><\/h3>\n\n\n\n<p class=\"wp-block-paragraph\">Kampanya kapsam\u0131nda sunulan Tamamlay\u0131c\u0131 Sa\u011fl\u0131k Sigortas\u0131 poli\u00e7elerinde <strong>yatarak tedavi teminat\u0131 limitsizdir<\/strong>. Ayakta tedavi i\u00e7in ise <strong>5 muayeneli<\/strong> ve <strong>10 muayeneli<\/strong> olmak \u00fczere iki farkl\u0131 se\u00e7enek bulunmaktad\u0131r. Poli\u00e7eler <strong>0\u201365 ya\u015f<\/strong> aral\u0131\u011f\u0131ndaki AFAD personeli ve aile bireyleri ad\u0131na d\u00fczenlenebilmektedir.<\/p>\n\n\n\n<hr class=\"wp-block-separator has-alpha-channel-opacity\"\/>\n\n\n\n<h3 class=\"wp-block-heading\">\u0130stanbul D\u0131\u015f\u0131 Tamamlay\u0131c\u0131 Sa\u011fl\u0131k Sigortas\u0131 Fiyatlar\u0131<\/h3>\n\n\n\n<figure class=\"wp-block-table\"><table class=\"has-fixed-layout\"><thead><tr><th>Ya\u015f Aral\u0131\u011f\u0131<\/th><th>10 Muayeneli Fiyat<\/th><th>5 Muayeneli Fiyat<\/th><\/tr><\/thead><tbody><tr><td>0 \u2013 5 Ya\u015f<\/td><td>18.500 TL<\/td><td>13.000 TL<\/td><\/tr><tr><td>6 \u2013 17 Ya\u015f<\/td><td>13.000 TL<\/td><td>9.500 TL<\/td><\/tr><tr><td>18 \u2013 40 Ya\u015f<\/td><td>14.300 TL<\/td><td>10.500 TL<\/td><\/tr><tr><td>41 \u2013 56 Ya\u015f<\/td><td>16.700 TL<\/td><td>12.000 TL<\/td><\/tr><tr><td>56 \u2013 65 Ya\u015f<\/td><td>27.800 TL<\/td><td>20.000 TL<\/td><\/tr><\/tbody><\/table><\/figure>\n\n\n\n<h3 class=\"wp-block-heading\">\u0130stanbul \u0130\u00e7i Tamamlay\u0131c\u0131 Sa\u011fl\u0131k Sigortas\u0131 Fiyatlar\u0131<\/h3>\n\n\n\n<figure class=\"wp-block-table\"><table class=\"has-fixed-layout\"><thead><tr><th>Ya\u015f Aral\u0131\u011f\u0131<\/th><th>10 Muayeneli Fiyat<\/th><th>5 Muayeneli Fiyat<\/th><\/tr><\/thead><tbody><tr><td>0 \u2013 5 Ya\u015f<\/td><td>20.000 TL<\/td><td>14.500 TL<\/td><\/tr><tr><td>6 \u2013 17 Ya\u015f<\/td><td>14.000 TL<\/td><td>10.500 TL<\/td><\/tr><tr><td>18 \u2013 40 Ya\u015f<\/td><td>15.500 TL<\/td><td>11.500 TL<\/td><\/tr><tr><td>41 \u2013 56 Ya\u015f<\/td><td>18.000 TL<\/td><td>13.000 TL<\/td><\/tr><tr><td>56 \u2013 65 Ya\u015f<\/td><td>30.000 TL<\/td><td>21.500 TL<\/td><\/tr><\/tbody><\/table><\/figure>\n\n\n\n<h3 class=\"wp-block-heading\">\u0130leti\u015fim:<\/h3>\n\n\n\n<p class=\"wp-block-paragraph\"><strong><strong>  Detayl\u0131 bilgi i\u00e7in Sigorta Birimi: 0850 305 50 90  <a href=\"https:\/\/www.sigortabirimi.com\/hizmetler\/tamamlayici-saglik-sigortasi-tss\/\">Teklif Al<\/a><\/strong><\/strong><\/p>\n\n\n\n<p class=\"wp-block-paragraph\"><br><\/p>\n\n\n\n<p class=\"wp-block-paragraph\"><\/p>\n","protected":false},"excerpt":{"rendered":"<p>Y\u0131l Sonu Tamamlay\u0131c\u0131 Sa\u011fl\u0131k Sigortas\u0131 Kampanyas\u0131 AFAD (Afet ve Acil Durum Y\u00f6netimi Ba\u015fkanl\u0131\u011f\u0131)&hellip;<\/p>\n","protected":false},"author":2,"featured_media":4583,"comment_status":"closed","ping_status":"closed","sticky":false,"template":"","format":"standard","meta":{"footnotes":""},"categories":[58,38,39],"tags":[69,44,46,49,41,42],"class_list":["post-4576","post","type-post","status-publish","format-standard","has-post-thumbnail","hentry","category-kampanya","category-saglik-sigortalari","category-tamamlayici-saglik-sigortalari","tag-afet-ve-acil-durum-yonetimi-baskanligi","tag-finansalfarkindalik","tag-finansalguvenlik","tag-saglik-sigortasi-avantajlari","tag-sigorta","tag-tamamlayicisagliksigortasi"],"_links":{"self":[{"href":"https:\/\/www.sigortabirimi.com\/index.php?rest_route=\/wp\/v2\/posts\/4576","targetHints":{"allow":["GET"]}}],"collection":[{"href":"https:\/\/www.sigortabirimi.com\/index.php?rest_route=\/wp\/v2\/posts"}],"about":[{"href":"https:\/\/www.sigortabirimi.com\/index.php?rest_route=\/wp\/v2\/types\/post"}],"author":[{"embeddable":true,"href":"https:\/\/www.sigortabirimi.com\/index.php?rest_route=\/wp\/v2\/users\/2"}],"replies":[{"embeddable":true,"href":"https:\/\/www.sigortabirimi.com\/index.php?rest_route=%2Fwp%2Fv2%2Fcomments&post=4576"}],"version-history":[{"count":2,"href":"https:\/\/www.sigortabirimi.com\/index.php?rest_route=\/wp\/v2\/posts\/4576\/revisions"}],"predecessor-version":[{"id":4585,"href":"https:\/\/www.sigortabirimi.com\/index.php?rest_route=\/wp\/v2\/posts\/4576\/revisions\/4585"}],"wp:featuredmedia":[{"embeddable":true,"href":"https:\/\/www.sigortabirimi.com\/index.php?rest_route=\/wp\/v2\/media\/4583"}],"wp:attachment":[{"href":"https:\/\/www.sigortabirimi.com\/index.php?rest_route=%2Fwp%2Fv2%2Fmedia&parent=4576"}],"wp:term":[{"taxonomy":"category","embeddable":true,"href":"https:\/\/www.sigortabirimi.com\/index.php?rest_route=%2Fwp%2Fv2%2Fcategories&post=4576"},{"taxonomy":"post_tag","embeddable":true,"href":"https:\/\/www.sigortabirimi.com\/index.php?rest_route=%2Fwp%2Fv2%2Ftags&post=4576"}],"curies":[{"name":"wp","href":"https:\/\/api.w.org\/{rel}","templated":true}]}}